{"id":1915,"date":"2023-10-25T12:37:47","date_gmt":"2023-10-25T12:37:47","guid":{"rendered":"https:\/\/outdoormedals.com\/linconnu-nest-pas-aime\/"},"modified":"2023-10-28T10:47:52","modified_gmt":"2023-10-28T10:47:52","slug":"linconnu-nest-pas-aime","status":"publish","type":"post","link":"https:\/\/outdoormedals.com\/fr\/linconnu-nest-pas-aime\/","title":{"rendered":"L&rsquo;inconnu n&rsquo;est pas aim\u00e9"},"content":{"rendered":"\n<figure class=\"wp-block-image alignleft size-large is-style-default\"><img decoding=\"async\" width=\"800\" height=\"800\" src=\"https:\/\/outdoormedals.com\/wp-content\/uploads\/2023\/10\/231016-Foto-Antoni_DEF_HR-edited-800x800.jpg\" alt=\"\" class=\"wp-image-1956\" srcset=\"https:\/\/outdoormedals.com\/wp-content\/uploads\/2023\/10\/231016-Foto-Antoni_DEF_HR-edited-800x800.jpg 800w, https:\/\/outdoormedals.com\/wp-content\/uploads\/2023\/10\/231016-Foto-Antoni_DEF_HR-edited-400x400.jpg 400w, https:\/\/outdoormedals.com\/wp-content\/uploads\/2023\/10\/231016-Foto-Antoni_DEF_HR-edited-280x280.jpg 280w, https:\/\/outdoormedals.com\/wp-content\/uploads\/2023\/10\/231016-Foto-Antoni_DEF_HR-edited-768x768.jpg 768w, https:\/\/outdoormedals.com\/wp-content\/uploads\/2023\/10\/231016-Foto-Antoni_DEF_HR-edited-1536x1536.jpg 1536w, https:\/\/outdoormedals.com\/wp-content\/uploads\/2023\/10\/231016-Foto-Antoni_DEF_HR-edited-2048x2048.jpg 2048w, https:\/\/outdoormedals.com\/wp-content\/uploads\/2023\/10\/231016-Foto-Antoni_DEF_HR-edited-1320x1319.jpg 1320w, https:\/\/outdoormedals.com\/wp-content\/uploads\/2023\/10\/231016-Foto-Antoni_DEF_HR-edited-300x300.jpg 300w, https:\/\/outdoormedals.com\/wp-content\/uploads\/2023\/10\/231016-Foto-Antoni_DEF_HR-edited-600x600.jpg 600w, https:\/\/outdoormedals.com\/wp-content\/uploads\/2023\/10\/231016-Foto-Antoni_DEF_HR-edited-100x100.jpg 100w\" sizes=\"(max-width: 800px) 100vw, 800px\" \/><figcaption class=\"wp-element-caption\">Margot &#8211; Leroy &#8211; Carolien<\/figcaption><\/figure>\n\nLa recherche sur les cancers rares est une n\u00e9cessit\u00e9 urgente, mais elle est difficile \u00e0 financer. Les dons sont souvent cruciaux pour les perspectives d&rsquo;avenir des patients. C&rsquo;est le cas du don de Leroy van Steenis pour la recherche sur deux types de cancer rares.\n\n<div style=\"height:10px\" aria-hidden=\"true\" class=\"wp-block-spacer\"><\/div>\n\nLoin des yeux, loin du c\u0153ur Le donateur : Leroy van Steenis Relation avec Antoni van Leeuwenhoek : Imaginez la situation suivante : votre beau-p\u00e8re est atteint d&rsquo;un cancer du sein, puis il s&rsquo;av\u00e8re que votre belle-m\u00e8re est \u00e9galement atteinte d&rsquo;une forme rare de cancer : le cancer du larynx. C&rsquo;est ce qui est arriv\u00e9 \u00e0 Leroy van Steenis. Afin de faire la diff\u00e9rence pour ses beaux-parents, il a d\u00e9cid\u00e9 de collecter des fonds pour la recherche sur ces cancers rares.\n\n<div style=\"height:10px\" aria-hidden=\"true\" class=\"wp-block-spacer\"><\/div>\n\n\u00ab\u00a0Les parents de ma femme Fabienne sont tous deux malades, c&rsquo;est tr\u00e8s triste. Mon beau-p\u00e8re est atteint d&rsquo;un cancer du sein depuis 2019 et, au d\u00e9but de cette ann\u00e9e, on a diagnostiqu\u00e9 chez ma belle-m\u00e8re un cancer du larynx, une maladie actuellement incurable. Je voulais tellement faire quelque chose pour eux. C&rsquo;est alors que mon p\u00e8re a sugg\u00e9r\u00e9 que nous fassions ensemble le p\u00e8lerinage de Saint-Jacques-de-Compostelle et que nous l&rsquo;associions \u00e0 une collecte de fonds pour la recherche sur les cancers rares. C&rsquo;est fantastique de faire cela avec mon p\u00e8re, mais c&rsquo;est aussi doux-amer en raison de la raison de ce voyage. Carolien Schr\u00f6der, chercheur et m\u00e9decin traitant de mon beau-p\u00e8re, nous a orient\u00e9s vers la Fondation Antoni van Leeuwenhoek. Nous y avons appris que des recherches sont \u00e9galement men\u00e9es sur la maladie de ma belle-m\u00e8re. Nous avons d\u00e9cid\u00e9 de faire don de la moiti\u00e9 de nos recettes \u00e0 la recherche sur les hommes atteints de cancer du sein et de l&rsquo;autre moiti\u00e9 \u00e0 la recherche sur le carcinome neuroendocrine \u00e0 petites cellules. Nous avons lanc\u00e9 une collecte de fonds sur www.actievooravlfoundation.nl, et les dons ont \u00e9galement afflu\u00e9 via les m\u00e9dias sociaux. Omroep Zeeland nous a suivis depuis le d\u00e9but. Le soutien de tant de personnes m&rsquo;a beaucoup motiv\u00e9. Mon p\u00e8re m&rsquo;a accompagn\u00e9 \u00e0 v\u00e9lo jusqu&rsquo;\u00e0 Paris, puis j&rsquo;ai \u00e9t\u00e9 seul. La randonn\u00e9e \u00e0 v\u00e9lo a \u00e9t\u00e9 difficile et riche en \u00e9motions. J&rsquo;ai v\u00e9cu tant de beaux moments et rencontr\u00e9 tant de personnes merveilleuses. R\u00e9cemment, nous avons remis un ch\u00e8que de plus de 10 600 euros \u00e0 Antoni van Leeuwenhoek, et nous esp\u00e9rons r\u00e9colter encore plus. Les dons sont toujours les bienvenus. Heureusement, mes beaux-parents se portent relativement bien aujourd&rsquo;hui. Ils trouvent notre effort de collecte de fonds tr\u00e8s touchant. Cela me rend heureux.\n\n<div style=\"height:10px\" aria-hidden=\"true\" class=\"wp-block-spacer\"><\/div>\n\n<figure class=\"wp-block-image alignleft size-large\"><img decoding=\"async\" width=\"1108\" height=\"800\" src=\"https:\/\/outdoormedals.com\/wp-content\/uploads\/2023\/10\/Cheque_20230719_01-1-1108x800.jpg\" alt=\"\" class=\"wp-image-1902\" srcset=\"https:\/\/outdoormedals.com\/wp-content\/uploads\/2023\/10\/Cheque_20230719_01-1-1108x800.jpg 1108w, https:\/\/outdoormedals.com\/wp-content\/uploads\/2023\/10\/Cheque_20230719_01-1-554x400.jpg 554w, https:\/\/outdoormedals.com\/wp-content\/uploads\/2023\/10\/Cheque_20230719_01-1-768x555.jpg 768w, https:\/\/outdoormedals.com\/wp-content\/uploads\/2023\/10\/Cheque_20230719_01-1-1536x1109.jpg 1536w, https:\/\/outdoormedals.com\/wp-content\/uploads\/2023\/10\/Cheque_20230719_01-1-2048x1479.jpg 2048w, https:\/\/outdoormedals.com\/wp-content\/uploads\/2023\/10\/Cheque_20230719_01-1-1320x953.jpg 1320w, https:\/\/outdoormedals.com\/wp-content\/uploads\/2023\/10\/Cheque_20230719_01-1-600x433.jpg 600w\" sizes=\"(max-width: 1108px) 100vw, 1108px\" \/><figcaption class=\"wp-element-caption\">Carolien &#8211; Leroy &#8211; Fabienne (\u00e9pouse Leroy) &#8211; Margot<\/figcaption><\/figure>\n\n\u00ab\u00a0C&rsquo;est merveilleux que les gens collectent de l&rsquo;argent pour notre recherche. Les chercheurs m\u00e9dicaux : Les oncologues Margot Tesselaar (\u00e0 droite) et Carolien Schr\u00f6der (\u00e0 gauche). Domaines de recherche : Schr\u00f6der \u00e9tudie le cancer du sein chez l&rsquo;homme, Tesselaar \u00e9tudie les carcinomes neuroendocriniens, une forme rare et agressive de cancer.\n\n<div style=\"height:10px\" aria-hidden=\"true\" class=\"wp-block-spacer\"><\/div>\n\nSchr\u00f6der : \u00ab\u00a0Le cancer du sein est si rare chez les hommes qu&rsquo;ils sont presque par d\u00e9finition exclus des \u00e9tudes portant, par exemple, sur de nouveaux m\u00e9dicaments. Leurs perspectives \u00e0 long terme sont donc moins bonnes que celles des femmes atteintes d&rsquo;un cancer du sein. De plus, la maladie est g\u00e9n\u00e9ralement d\u00e9tect\u00e9e tardivement chez les hommes, car ils sont peu sensibilis\u00e9s.\u00a0\u00bb\n\n<div style=\"height:10px\" aria-hidden=\"true\" class=\"wp-block-spacer\"><\/div>\n\nTesselaar : L&rsquo;industrie pharmaceutique est moins int\u00e9ress\u00e9e par la recherche sur les maladies rares parce que les \u00e9tudes cliniques sont co\u00fbteuses et que le groupe cible des m\u00e9dicaments est restreint. C&rsquo;est ce que je constate dans mes recherches sur les carcinomes neuroendocriniens. Il est donc difficile de trouver des financements, ce qui est tr\u00e8s frustrant. Il est donc merveilleux que des personnes comme Leroy et sa famille se donnent beaucoup de mal pour collecter des fonds pour notre recherche. P\u00e9daler jusqu&rsquo;\u00e0 Saint-Jacques-de-Compostelle, c&rsquo;est quelque chose. Je suis \u00e9puis\u00e9 rien qu&rsquo;en faisant du v\u00e9lo pour aller travailler\u00a0\u00bb.\n\n<div style=\"height:10px\" aria-hidden=\"true\" class=\"wp-block-spacer\"><\/div>\n\nSchr\u00f6der : \u00ab\u00a0C&rsquo;est tr\u00e8s sp\u00e9cial. Nous n&rsquo;avons rien demand\u00e9 \u00e0 Leroy, c&rsquo;\u00e9tait une surprise totale pour nous. J&rsquo;esp\u00e8re aussi que son effort attirera l&rsquo;attention sur les types rares de cancer que nous \u00e9tudions. Loin des yeux, loin du c\u0153ur\u00a0\u00bb.\n\n<div style=\"height:10px\" aria-hidden=\"true\" class=\"wp-block-spacer\"><\/div>\n\nTesselaar : \u00ab\u00a0Nous avons discut\u00e9 avec Leroy et son \u00e9pouse et leur avons expliqu\u00e9 nos recherches. Il est difficile de dire pr\u00e9cis\u00e9ment comment les fonds r\u00e9colt\u00e9s seront utilis\u00e9s, mais ils seront tr\u00e8s utiles. Nous d\u00e9pendons en grande partie des dons et des subventions, c&rsquo;est pourquoi chaque petit geste est utile.\n\n<div style=\"height:10px\" aria-hidden=\"true\" class=\"wp-block-spacer\"><\/div>\n\n<div class=\"wp-block-buttons has-custom-font-size has-small-font-size is-content-justification-center is-layout-flex wp-container-core-buttons-is-layout-16018d1d wp-block-buttons-is-layout-flex\">\n<div class=\"wp-block-button\"><a class=\"wp-block-button__link wp-element-button\" href=\"https:\/\/www.avl.nl\/nieuws-agenda\/antoni-magazine\/\">Source<\/a><\/div>\n\n\n\n<div class=\"wp-block-button\"><a class=\"wp-block-button__link wp-element-button\">Antoni Magazine nr 3 &#8211; ann\u00e9e 2023 &#8211; page 18-19<\/a><\/div>\n<\/div>\n","protected":false},"excerpt":{"rendered":"<p>La recherche sur les cancers rares est une n\u00e9cessit\u00e9 urgente, mais elle est difficile \u00e0 financer. Les dons sont souvent cruciaux pour les perspectives d&rsquo;avenir des patients. C&rsquo;est le cas du don de Leroy van Steenis pour la recherche sur deux types de cancer rares. Loin des yeux, loin du c\u0153ur Le donateur : Leroy [&#8230;]\n","protected":false},"author":2,"featured_media":0,"comment_status":"open","ping_status":"open","sticky":false,"template":"","format":"standard","meta":{"_jetpack_memberships_contains_paid_content":false,"footnotes":""},"categories":[299],"tags":[283,282,303,304,302,289,305],"class_list":["post-1915","post","type-post","status-publish","format-standard","hentry","category-antoni-van-leeuwenhoek-fr","tag-antoni-van-leeuwenhoek","tag-camino","tag-collecter-des-fonds-pour-la-recherche","tag-cyclisme-jusqua-saint-jacques-de-compostelle","tag-itineraire-cycliste-espagne","tag-kwf","tag-linconnu-nest-pas-aime"],"jetpack_featured_media_url":"","jetpack_sharing_enabled":true,"_links":{"self":[{"href":"https:\/\/outdoormedals.com\/fr\/wp-json\/wp\/v2\/posts\/1915","targetHints":{"allow":["GET"]}}],"collection":[{"href":"https:\/\/outdoormedals.com\/fr\/wp-json\/wp\/v2\/posts"}],"about":[{"href":"https:\/\/outdoormedals.com\/fr\/wp-json\/wp\/v2\/types\/post"}],"author":[{"embeddable":true,"href":"https:\/\/outdoormedals.com\/fr\/wp-json\/wp\/v2\/users\/2"}],"replies":[{"embeddable":true,"href":"https:\/\/outdoormedals.com\/fr\/wp-json\/wp\/v2\/comments?post=1915"}],"version-history":[{"count":2,"href":"https:\/\/outdoormedals.com\/fr\/wp-json\/wp\/v2\/posts\/1915\/revisions"}],"predecessor-version":[{"id":1974,"href":"https:\/\/outdoormedals.com\/fr\/wp-json\/wp\/v2\/posts\/1915\/revisions\/1974"}],"wp:attachment":[{"href":"https:\/\/outdoormedals.com\/fr\/wp-json\/wp\/v2\/media?parent=1915"}],"wp:term":[{"taxonomy":"category","embeddable":true,"href":"https:\/\/outdoormedals.com\/fr\/wp-json\/wp\/v2\/categories?post=1915"},{"taxonomy":"post_tag","embeddable":true,"href":"https:\/\/outdoormedals.com\/fr\/wp-json\/wp\/v2\/tags?post=1915"}],"curies":[{"name":"wp","href":"https:\/\/api.w.org\/{rel}","templated":true}]}}